{"id":84833,"date":"2022-10-08T09:51:57","date_gmt":"2022-10-08T07:51:57","guid":{"rendered":"https:\/\/flaviawasserfallen.spbe.spschweiz.ch\/blog\/2023\/04\/25\/alleger-les-primes-dassurance-maladie\/"},"modified":"2023-04-27T14:38:33","modified_gmt":"2023-04-27T12:38:33","slug":"alleger-les-primes-dassurance-maladie","status":"publish","type":"post","link":"https:\/\/flaviawasserfallen.ch\/fr\/blog\/2022\/10\/08\/alleger-les-primes-dassurance-maladie\/","title":{"rendered":"All\u00e9ger les primes d&#8217;assurance maladie"},"content":{"rendered":"<p>La Suisse est en t\u00eate du classement des syst\u00e8mes de sant\u00e9 du monde. Si nous poss\u00e9dons l&#8217;un des meilleurs, c\u2019est aussi l&#8217;un des plus chers. Nous parlons d&#8217;un march\u00e9 de 83 milliards de francs, ce qui correspond \u00e0 environ 12% du produit int\u00e9rieur brut.<\/p>\n<p>Certes, tout syst\u00e8me de sant\u00e9 de qualit\u00e9 co\u00fbte cher. Cependant, les co\u00fbts sont \u00e0 peine supportables pour de nombreuses familles et de nombreux m\u00e9nages. Dans aucun autre pays de l&#8217;OCDE, les paiements dits &#8220;out-of-pocket&#8221; ne sont plus \u00e9lev\u00e9s qu\u2019en Suisse. Nous pensons aux m\u00e9dicaments pay\u00e9s par l&#8217;assur\u00e9, \u00e0 la participation aux frais via la caisse maladie et aux traitements dentaires. Ces frais p\u00e8sent extr\u00eamement lourd sur les m\u00e9nages suisses. Cons\u00e9quence r\u00e9voltante : 11% de la population renonce \u00e0 consulter un m\u00e9decin alors que cela serait m\u00e9dicalement indiqu\u00e9. Le calcul a \u00e9t\u00e9 r\u00e9alis\u00e9 par l&#8217;Observatoire suisse de la sant\u00e9.<\/p>\n<p>A cet \u00e9gard, le PS formule depuis longtemps la critique suivante: la prime d\u2019assurance maladie individuelle est antisociale. L&#8217;assurance obligatoire des soins puise dans la poche d\u2019un milliardaire le m\u00eame montant que dans celle d\u2019une coiffeuse\u00a0! Le politique \u00e9tait conscient de ce probl\u00e8me lorsque l&#8217;assurance obligatoire a \u00e9t\u00e9 introduite il y a plus de 25 ans. C&#8217;est pourquoi la r\u00e9duction individuelle des primes a \u00e9t\u00e9 cr\u00e9\u00e9e par la Conf\u00e9d\u00e9ration et les cantons. Elle devait soulager de mani\u00e8re cibl\u00e9e les bas revenus. Selon l&#8217;objectif social poursuivi par le Conseil f\u00e9d\u00e9ral, aucun m\u00e9nage ne devait consacrer plus de huit pour cent de son revenu aux primes d&#8217;assurance maladie.<\/p>\n<p>Quinze pour cent du revenu pour la caisse maladie<\/p>\n<p>Or, nous sommes loin de cet objectif initial. Malgr\u00e9 les r\u00e9ductions de primes, la charge financi\u00e8re qu\u2019elles constituent reste tr\u00e8s \u00e9lev\u00e9e pour certains m\u00e9nages. De plus, elle continue de progresser depuis le r\u00e9cent choc de l\u2019augmentation moyenne de 6,6 % : on constate que jusqu&#8217;\u00e0 19 % du revenu des m\u00e9nages doivent lui \u00eatre consacr\u00e9s. En moyenne pond\u00e9r\u00e9e, ce sont 15 % du budget des m\u00e9nages qui sont attribu\u00e9s aux primes d&#8217;assurance maladie. Avec le taux de rench\u00e9rissement actuel de plus de 3,5 % et la hausse massive des primes d\u2019assurance, le pouvoir d\u2019achat des m\u00e9nages s\u2019amenuise constamment et de mani\u00e8re inqui\u00e9tante.<\/p>\n<p>Il est \u00e9vident qu&#8217;au vu de l&#8217;\u00e9volution des co\u00fbts de la sant\u00e9, des mesures efficaces doivent enfin \u00eatre adopt\u00e9es afin de les ma\u00eetriser. Concernant le prix des m\u00e9dicaments, une grande de marge de man\u0153uvre existe. Leur prix en Suisse est jusqu&#8217;\u00e0 deux fois plus \u00e9lev\u00e9 que dans les pays voisins. Des contr\u00f4les plus efficaces des factures des m\u00e9decins et des h\u00f4pitaux sont n\u00e9cessaires afin de d\u00e9tecter les factures injustifi\u00e9es ou erron\u00e9es.<\/p>\n<p>Parall\u00e8lement, le portemonnaie des m\u00e9nages devrait \u00eatre soulag\u00e9 rapidement gr\u00e2ce \u00e0 l&#8217;Initiative d&#8217;all\u00e8gement des primes du PS. Celle-ci demande que les cantons et la Conf\u00e9d\u00e9ration accordent des r\u00e9ductions de primes de sorte qu&#8217;aucun m\u00e9nage ne soit oblig\u00e9 de consacrer plus de 10 % de son revenu aux primes d&#8217;assurance maladie. Le Conseil f\u00e9d\u00e9ral et le Parlement ont enfin reconnu le probl\u00e8me et offrent leur soutien \u00e0 un contre-projet substantiel.<\/p>\n<p>Mais ils y \u00e9taient quasiment oblig\u00e9s. Selon un sondage repr\u00e9sentatif, l&#8217;initiative du PS pour l&#8217;all\u00e8gement des primes serait soutenue par 71% des personnes interrog\u00e9es, tous partis confondus. Nous poursuivrons notre politique en faveur de la majorit\u00e9 de la population, que ce soit au Parlement ou dans les urnes.<\/p>\n<p>&nbsp;<\/p>\n<p>Flavia Wasserfallen, conseill\u00e8re nationale PS, BE<\/p>\n","protected":false},"excerpt":{"rendered":"<p>La Suisse est en t\u00eate du classement des syst\u00e8mes de sant\u00e9 du monde. Si nous poss\u00e9dons l&#8217;un des meilleurs, c\u2019est aussi l&#8217;un des plus chers. Nous parlons d&#8217;un march\u00e9 de [&hellip;]<\/p>\n","protected":false},"author":4,"featured_media":84981,"comment_status":"closed","ping_status":"open","sticky":false,"template":"","format":"standard","meta":{"footnotes":""},"categories":[2],"tags":[],"cpt-channel":[],"class_list":["post-84833","post","type-post","status-publish","format-standard","has-post-thumbnail","hentry","category-actualites"],"_links":{"self":[{"href":"https:\/\/flaviawasserfallen.ch\/fr\/wp-json\/wp\/v2\/posts\/84833","targetHints":{"allow":["GET"]}}],"collection":[{"href":"https:\/\/flaviawasserfallen.ch\/fr\/wp-json\/wp\/v2\/posts"}],"about":[{"href":"https:\/\/flaviawasserfallen.ch\/fr\/wp-json\/wp\/v2\/types\/post"}],"author":[{"embeddable":true,"href":"https:\/\/flaviawasserfallen.ch\/fr\/wp-json\/wp\/v2\/users\/4"}],"replies":[{"embeddable":true,"href":"https:\/\/flaviawasserfallen.ch\/fr\/wp-json\/wp\/v2\/comments?post=84833"}],"version-history":[{"count":1,"href":"https:\/\/flaviawasserfallen.ch\/fr\/wp-json\/wp\/v2\/posts\/84833\/revisions"}],"predecessor-version":[{"id":84837,"href":"https:\/\/flaviawasserfallen.ch\/fr\/wp-json\/wp\/v2\/posts\/84833\/revisions\/84837"}],"wp:featuredmedia":[{"embeddable":true,"href":"https:\/\/flaviawasserfallen.ch\/fr\/wp-json\/wp\/v2\/media\/84981"}],"wp:attachment":[{"href":"https:\/\/flaviawasserfallen.ch\/fr\/wp-json\/wp\/v2\/media?parent=84833"}],"wp:term":[{"taxonomy":"category","embeddable":true,"href":"https:\/\/flaviawasserfallen.ch\/fr\/wp-json\/wp\/v2\/categories?post=84833"},{"taxonomy":"post_tag","embeddable":true,"href":"https:\/\/flaviawasserfallen.ch\/fr\/wp-json\/wp\/v2\/tags?post=84833"},{"taxonomy":"cpt-channel","embeddable":true,"href":"https:\/\/flaviawasserfallen.ch\/fr\/wp-json\/wp\/v2\/cpt-channel?post=84833"}],"curies":[{"name":"wp","href":"https:\/\/api.w.org\/{rel}","templated":true}]}}